{"id":72,"date":"2018-05-08T18:11:43","date_gmt":"2018-05-08T18:11:43","guid":{"rendered":"http:\/\/cadernos.catedra-alberto-benveniste.org\/?p=72"},"modified":"2019-03-01T12:08:33","modified_gmt":"2019-03-01T12:08:33","slug":"o-novo-website-dos-cadernos","status":"publish","type":"post","link":"https:\/\/cadernos.catedra-alberto-benveniste.org\/en\/2018\/05\/08\/o-novo-website-dos-cadernos\/","title":{"rendered":"O novo website dos Cadernos"},"content":{"rendered":"<p>[et_pb_section bb_built=&#8221;1&#8243; admin_label=&#8221;section&#8221; _builder_version=&#8221;3.2.2&#8243; custom_margin=&#8221;|||&#8221; custom_padding=&#8221;0px|||&#8221; next_background_color=&#8221;#ffffff&#8221; background_color=&#8221;#ededed&#8221;][et_pb_row admin_label=&#8221;row&#8221; custom_width_px=&#8221;992px&#8221; custom_padding=&#8221;0px|0px|27px|0px&#8221; _builder_version=&#8221;3.0.105&#8243; background_size=&#8221;initial&#8221; background_position=&#8221;top_left&#8221; background_repeat=&#8221;repeat&#8221;][et_pb_column type=&#8221;4_4&#8243;][et_pb_post_title admin_label=&#8221;Post Title (titulo, meta e imagem)&#8221; comments=&#8221;off&#8221; _builder_version=&#8221;3.2.2&#8243; custom_padding_last_edited=&#8221;on|desktop&#8221; custom_padding_phone=&#8221;|||&#8221; featured_image=&#8221;off&#8221; title_text_align=&#8221;center&#8221; meta_text_align=&#8221;center&#8221; author=&#8221;off&#8221; categories=&#8221;off&#8221; custom_padding=&#8221;40px|||&#8221;]<\/p>\n<p>&nbsp;<\/p>\n<p>[\/et_pb_post_title][et_pb_image admin_label=&#8221;Imagem&#8221; _builder_version=&#8221;3.2.2&#8243; src=&#8221;https:\/\/cadernos.catedra-alberto-benveniste.org\/wp-content\/uploads\/2018\/05\/blog-O-novo-website-dos-Cadernos-full.jpg&#8221; align=&#8221;center&#8221; custom_padding=&#8221;||20px|&#8221; \/][et_pb_text admin_label=&#8221;Texto completo&#8221; _builder_version=&#8221;3.2.2&#8243; background_size=&#8221;initial&#8221; background_position=&#8221;top_left&#8221; background_repeat=&#8221;repeat&#8221; max_width=&#8221;60%&#8221; module_alignment=&#8221;center&#8221; max_width_tablet=&#8221;80%&#8221; max_width_last_edited=&#8221;on|phone&#8221; max_width_phone=&#8221;100%&#8221;]<\/p>\n<p>O novo website dos Cadernos de Estudos Sefarditas pretende contribuir para uma dissemina\u00e7\u00e3o mais abrangente e eficaz da investiga\u00e7\u00e3o cient\u00edfica que h\u00e1 anos ganha voz ao longo das suas p\u00e1ginas. Este passar\u00e1 a ser o ve\u00edculo de comunica\u00e7\u00e3o privilegiado entre leitores, autores e editores da revista, com o intuito de potenciar um maior impacto dos textos publicados.<\/p>\n<p>Dentro dos pr\u00f3ximos meses, todos os conte\u00fados dos Cadernos at\u00e9 2016 ficar\u00e3o dispon\u00edveis em acesso aberto.Se estiver interessado em tornar-se um dos autores dos Cadernos, tamb\u00e9m encontrar\u00e1 aqui todas as informa\u00e7\u00f5es sobre como submeter o seu texto.<\/p>\n<p>[\/et_pb_text][et_pb_button admin_label=&#8221;Bot\u00e3o link pag submiss\u00e3o de artigos&#8221; _builder_version=&#8221;3.2.2&#8243; button_text=&#8221;Submiss\u00e3o de Artigos&#8221; button_url=&#8221;\/submissao-de-artigos&#8221; button_alignment=&#8221;center&#8221; custom_margin=&#8221;50px|||&#8221; \/][et_pb_post_nav admin_label=&#8221;Post Navigation (post anterior e proximo)&#8221; _builder_version=&#8221;3.2.2&#8243; prev_text=&#8221;post anterior&#8221; next_text=&#8221;pr\u00f3ximo post&#8221; in_same_term=&#8221;off&#8221; show_prev=&#8221;on&#8221; show_next=&#8221;on&#8221; \/][\/et_pb_column][\/et_pb_row][\/et_pb_section][et_pb_section bb_built=&#8221;1&#8243; specialty=&#8221;off&#8221; prev_background_color=&#8221;#ededed&#8221; _builder_version=&#8221;3.2.2&#8243; custom_margin=&#8221;||-75px|&#8221; custom_padding=&#8221;||0px|&#8221; background_color_gradient_start=&#8221;#e09900&#8243; background_color_gradient_end=&#8221;#ffffff&#8221; background_color_gradient_end_position=&#8221;95%&#8221; custom_margin_last_edited=&#8221;off|desktop&#8221;][et_pb_row _builder_version=&#8221;3.2.2&#8243;][et_pb_column type=&#8221;2_3&#8243;][et_pb_blog admin_label=&#8221;Blog posts mesma categoria ou relacionada&#8221; _builder_version=&#8221;3.2.2&#8243; posts_number=&#8221;2&#8243; show_author=&#8221;off&#8221; show_categories=&#8221;off&#8221; show_pagination=&#8221;off&#8221; fullwidth=&#8221;off&#8221; pagination_font_size_tablet=&#8221;51&#8243; pagination_line_height_tablet=&#8221;2&#8243; border_width_all=&#8221;0px&#8221; module_class=&#8221;blog-grid-height&#8221; box_shadow_style=&#8221;preset1&#8243; box_shadow_blur=&#8221;10px&#8221; box_shadow_color=&#8221;rgba(0,0,0,0.09)&#8221; \/][\/et_pb_column][et_pb_column type=&#8221;1_3&#8243;][et_pb_sidebar admin_label=&#8221;Sidebar Ultimas Not\u00edcias&#8221; _builder_version=&#8221;3.2.2&#8243; area=&#8221;et_pb_widget_area_5&#8243; custom_padding=&#8221;|20px||20px&#8221; use_background_color_gradient=&#8221;on&#8221; background_color_gradient_start=&#8221;#efefef&#8221; background_color_gradient_end=&#8221;#ffffff&#8221; background_color_gradient_end_position=&#8221;90%&#8221; \/][\/et_pb_column][\/et_pb_row][\/et_pb_section]<\/p>\n","protected":false},"excerpt":{"rendered":"<p>Os Cadernos de Estudos Sefarditas est\u00e3o agora mais pr\u00f3ximos dos leitores. Basta um clique para ficar a saber tudo sobre a nossa revista.<\/p>\n","protected":false},"author":1,"featured_media":27851,"comment_status":"closed","ping_status":"open","sticky":false,"template":"","format":"standard","meta":{"_et_pb_use_builder":"on","_et_pb_old_content":"<p>Dictum fusce ut placerat orci. Aliquet enim tortor at auctor urna nunc id cursus. A arcu cursus vitae congue mauris rhoncus aenean vel elit. Volutpat est velit egestas dui id ornare<\/p>","_et_gb_content_width":"","footnotes":""},"categories":[30],"tags":[],"class_list":["post-72","post","type-post","status-publish","format-standard","has-post-thumbnail","hentry","category-sobre-os-cadernos"],"_links":{"self":[{"href":"https:\/\/cadernos.catedra-alberto-benveniste.org\/en\/wp-json\/wp\/v2\/posts\/72","targetHints":{"allow":["GET"]}}],"collection":[{"href":"https:\/\/cadernos.catedra-alberto-benveniste.org\/en\/wp-json\/wp\/v2\/posts"}],"about":[{"href":"https:\/\/cadernos.catedra-alberto-benveniste.org\/en\/wp-json\/wp\/v2\/types\/post"}],"author":[{"embeddable":true,"href":"https:\/\/cadernos.catedra-alberto-benveniste.org\/en\/wp-json\/wp\/v2\/users\/1"}],"replies":[{"embeddable":true,"href":"https:\/\/cadernos.catedra-alberto-benveniste.org\/en\/wp-json\/wp\/v2\/comments?post=72"}],"version-history":[{"count":9,"href":"https:\/\/cadernos.catedra-alberto-benveniste.org\/en\/wp-json\/wp\/v2\/posts\/72\/revisions"}],"predecessor-version":[{"id":28146,"href":"https:\/\/cadernos.catedra-alberto-benveniste.org\/en\/wp-json\/wp\/v2\/posts\/72\/revisions\/28146"}],"wp:featuredmedia":[{"embeddable":true,"href":"https:\/\/cadernos.catedra-alberto-benveniste.org\/en\/wp-json\/wp\/v2\/media\/27851"}],"wp:attachment":[{"href":"https:\/\/cadernos.catedra-alberto-benveniste.org\/en\/wp-json\/wp\/v2\/media?parent=72"}],"wp:term":[{"taxonomy":"category","embeddable":true,"href":"https:\/\/cadernos.catedra-alberto-benveniste.org\/en\/wp-json\/wp\/v2\/categories?post=72"},{"taxonomy":"post_tag","embeddable":true,"href":"https:\/\/cadernos.catedra-alberto-benveniste.org\/en\/wp-json\/wp\/v2\/tags?post=72"}],"curies":[{"name":"wp","href":"https:\/\/api.w.org\/{rel}","templated":true}]}}